{"id":680,"date":"2017-08-25T15:21:06","date_gmt":"2017-08-25T13:21:06","guid":{"rendered":"http:\/\/elektroelch.de\/draft\/?p=680"},"modified":"2017-08-25T15:21:06","modified_gmt":"2017-08-25T13:21:06","slug":"leipziger-str","status":"publish","type":"post","link":"https:\/\/elektroelch.de\/drafts\/2017\/08\/25\/leipziger-str\/","title":{"rendered":"Leipziger Str"},"content":{"rendered":"<p>Neulich war ich auf der Leipziger Str. in Kassel mit dem Fahrrad unterwegs. an den Stellen, an denen es einen Fahrradstreifen gibt, kann man hier eigentlich ganz gut fahren, au\u00dfer er wird von Kampfparkern belegt, gerne mit Auto-Transportern bei den Autoh\u00e4ndlern).<\/p>\n<p>Diese m\u00f6chte ich hier aber gar nicht zum Thema machen, sondern zwei Stellen, die ich fr\u00fcher, als ich noch in Waldau gewohnt habe, h\u00e4ufiger gefahren bin, ich aber noch nicht so auf die Radfahrstruktur geachtet habe.<\/p>\n<p>Zum ersten ist da der Radfahrstreifen am Leipziger Platz in Richtung Kaufungen:<a href=\"https:\/\/elektroelch.de\/wp-content\/uploads\/2017\/08\/Leizpiger1.jpg\" data-rel=\"lightbox-image-0\" data-rl_title=\"\" data-rl_caption=\"\" title=\"\"><img loading=\"lazy\" decoding=\"async\" class=\"aligncenter size-large wp-image-4042\" src=\"https:\/\/elektroelch.de\/wp-content\/uploads\/2017\/08\/Leizpiger1-768x1024.jpg\" alt=\"\" width=\"660\" height=\"880\" \/><\/a>Hier wird nach der Ampel f\u00fcr einige Meter aus dem Radstreifen nur noch ein Schutzstreifen, um dann vollst\u00e4ndig zu verschwinden. 20 Meter weiter ist dann wieder ein Radstreifen markiert.<br \/>\nIch habe den Verkehrsfluss hier einige Zeit beobachtet und festgestellt, dass die Autos an dieser Stelle dazu tendieren weiter nach rechts zu fahren und den Radfahrern so gef\u00e4hrlich nahe kommen, dass man sie fast mit den Arm ber\u00fchren kann (habe ich selber mehrmals getestet).<\/p>\n<p>Wieso verschwindet hier der Radfahrstreifen? Eigentlich m\u00fcsste er nicht nur weitergehen, sondern besser noch mit roter Farbe hervor gehoben werden.<\/p>\n<p>Das n\u00e4chste, viele gravierendere, Problem befindet nur 200 Meter weiter:<a href=\"https:\/\/elektroelch.de\/wp-content\/uploads\/2017\/08\/Leipziger_2.jpg\" data-rel=\"lightbox-image-1\" data-rl_title=\"\" data-rl_caption=\"\" title=\"\"><img loading=\"lazy\" decoding=\"async\" class=\"aligncenter size-large wp-image-4043\" src=\"https:\/\/elektroelch.de\/wp-content\/uploads\/2017\/08\/Leipziger_2-768x1024.jpg\" alt=\"\" width=\"660\" height=\"880\" \/><\/a>Hier wird der Radfahrer vom Radstreifen auf den Fu\u00dfweg gelotst. Es ist aber kein Schild &#8220;Gemeinsamer Geh- und Radweg&#8221; (Nr. 240) vorhanden<\/p>\n<p>[contact-form][contact-field label=&#8221;Name&#8221; type=&#8221;name&#8221;  required=&#8221;true&#8221; \/][contact-field label=&#8221;E-Mail &#8221; type=&#8221;email&#8221; required=&#8221;true&#8221; \/][contact-field label=&#8221;Website&#8221; type=&#8221;url&#8221; \/][contact-field label=&#8221;Nachricht&#8221; type=&#8221;textarea&#8221; \/][\/contact-form]<\/p>\n<p>. Um sich an das geltende Recht zu halten m\u00fcsste der Radfahrer auf die Stra\u00dfe ausweichen, die, wie zu sehen ist, an dieser Stelle sehr eng ohne Ausweichm\u00f6glichkeit ist.<br \/>\nF\u00e4hrt allerdings er auf den Fu\u00df-Radweg so sehe ich rechtliche Probleme. Sollte der Radfahrer eine Fu\u00dfg\u00e4nger anfahren, so k\u00f6nnte sich dieser darauf berufen, das es sich um einen reinen Fu\u00dfweg handelt.<\/p>\n<p>Obwohl dies schon zu ausreichendem Konflikten f\u00fchren kann, versch\u00e4rft die bauliche Situation das Problem noch.<br \/>\nAm Ende des Hauses ist der Weg gesch\u00e4tzte 1 Meter breit und der Weg f\u00fchrt uneinsehbar fast rechtwinklig nach rechts weiter. Ich musste mit dem Rad fast stehen bleiben, um die Stelle gefahrlos zu durchfahren:<a href=\"https:\/\/elektroelch.de\/wp-content\/uploads\/2017\/08\/Leipziger_3.jpg\" data-rel=\"lightbox-image-2\" data-rl_title=\"\" data-rl_caption=\"\" title=\"\"><img loading=\"lazy\" decoding=\"async\" class=\"aligncenter size-full wp-image-4044\" src=\"https:\/\/elektroelch.de\/wp-content\/uploads\/2017\/08\/Leipziger_3.jpg\" alt=\"\" width=\"640\" height=\"703\" \/><\/a>Zus\u00e4tzlich befinden sich vor und hinter dem Haus noch Ausfahrten, die die Verkehrssituation noch un\u00fcbersichtlicher machen.<\/p>\n<p>Leider f\u00e4llt mir an dieser Stelle auch keine bessere Verkehrsf\u00fchrung ein, der Platz ist nun mal durch durch Stra\u00dfenbahnschienen und Hauswand eingeschr\u00e4nkt. Ein Schild (ja, noch ein Schild1) w\u00fcrde aber wenigstens rechtliche Sicherheit schaffen.<\/p>\n<p>&nbsp;<\/p>\n","protected":false},"excerpt":{"rendered":"<p>Neulich war ich auf der Leipziger Str. in Kassel mit dem Fahrrad unterwegs. an den Stellen, an denen es einen Fahrradstreifen gibt, kann man hier eigentlich ganz gut fahren, au\u00dfer er wird von Kampfparkern belegt, gerne mit Auto-Transportern bei den Autoh\u00e4ndlern). Diese m\u00f6chte ich hier aber gar nicht zum Thema machen, sondern zwei Stellen, die [&hellip;]<\/p>\n","protected":false},"author":1,"featured_media":513,"comment_status":"open","ping_status":"open","sticky":false,"template":"","format":"standard","meta":{"webmentions_disabled_pings":false,"webmentions_disabled":false,"activitypub_content_warning":"","activitypub_content_visibility":"","activitypub_max_image_attachments":4,"activitypub_interaction_policy_quote":"anyone","activitypub_status":"","footnotes":""},"categories":[1],"tags":[],"class_list":["post-680","post","type-post","status-publish","format-standard","has-post-thumbnail","hentry","category-allgemein"],"_links":{"self":[{"href":"https:\/\/elektroelch.de\/drafts\/wp-json\/wp\/v2\/posts\/680","targetHints":{"allow":["GET"]}}],"collection":[{"href":"https:\/\/elektroelch.de\/drafts\/wp-json\/wp\/v2\/posts"}],"about":[{"href":"https:\/\/elektroelch.de\/drafts\/wp-json\/wp\/v2\/types\/post"}],"author":[{"embeddable":true,"href":"https:\/\/elektroelch.de\/drafts\/wp-json\/wp\/v2\/users\/1"}],"replies":[{"embeddable":true,"href":"https:\/\/elektroelch.de\/drafts\/wp-json\/wp\/v2\/comments?post=680"}],"version-history":[{"count":1,"href":"https:\/\/elektroelch.de\/drafts\/wp-json\/wp\/v2\/posts\/680\/revisions"}],"predecessor-version":[{"id":681,"href":"https:\/\/elektroelch.de\/drafts\/wp-json\/wp\/v2\/posts\/680\/revisions\/681"}],"wp:featuredmedia":[{"embeddable":true,"href":"https:\/\/elektroelch.de\/drafts\/wp-json\/wp\/v2\/media\/513"}],"wp:attachment":[{"href":"https:\/\/elektroelch.de\/drafts\/wp-json\/wp\/v2\/media?parent=680"}],"wp:term":[{"taxonomy":"category","embeddable":true,"href":"https:\/\/elektroelch.de\/drafts\/wp-json\/wp\/v2\/categories?post=680"},{"taxonomy":"post_tag","embeddable":true,"href":"https:\/\/elektroelch.de\/drafts\/wp-json\/wp\/v2\/tags?post=680"}],"curies":[{"name":"wp","href":"https:\/\/api.w.org\/{rel}","templated":true}]}}